{"id":7081135,"date":"2009-10-02T01:28:52","date_gmt":"2009-10-02T01:28:52","guid":{"rendered":"http:\/\/supertino.tonyblog.de\/?p=7081135"},"modified":"2009-10-02T01:28:52","modified_gmt":"2009-10-02T01:28:52","slug":"her-mit-dem-herbst-7081135","status":"publish","type":"post","link":"https:\/\/supertino.tonyblog.de\/?p=7081135","title":{"rendered":"Her mit dem Herbst!"},"content":{"rendered":"<p><strong>Deutsch<\/strong><br \/>\nEs ist wieder soweit! Der goldene Oktober breitet sich \u00fcber die gem\u00e4\u00dfigten Breiten der n\u00f6rdlichen Hemisph\u00e4re aus und verwandelt die Laubw\u00e4lder in den Zauber des Indian Summers. Grund genug also wieder f\u00fcr mich, die Aktion &#8222;Her mit dem Herbst!&#8220; auszurufen. Sendet mir bis Ende des Monats Eure pers\u00f6nlichen Herbstbilder des Jahres! Ich verspreche, diese dann auch im Blog zu ver\u00f6ffentlichen.<\/p>\n<p>Nat\u00fcrlich m\u00f6chte ich auch pers\u00f6nlich vorangehen und den Herbst in den Rockies pr\u00e4sentieren.<\/p>\n<p><a href=\"#\" title=\"Indian Summer in the Rockies ...\"><img decoding=\"async\" src=\"https:\/\/supertino.tonyblog.de\/wp-content\/uploads\/2009\/10\/3956665_190d313824_m.jpeg\" alt=\"Indian Summer in the Rockies ...\" style=\"margin:5px;\"><\/a><\/p>\n<p><strong>English<\/strong><br \/>\nHurray! The Golden October is now on your Calendar. It\u0092s time to make a walk through the woods of your hometowns. I like this as there is no time in the year when the nature is so colorful. So send me your pictures of the Indian Summer in your area. I promise I will publish your picture on this blog.<\/p>\n<p>Nevertheless, I want you to present the fantastic Indian Summer of the Rocky Mountains here in Canada. I made a trip on the last weekend and took the following picture.<\/p>\n","protected":false},"excerpt":{"rendered":"<p>Deutsch Es ist wieder soweit! Der goldene Oktober breitet sich \u00fcber die gem\u00e4\u00dfigten Breiten der n\u00f6rdlichen Hemisph\u00e4re aus und verwandelt die Laubw\u00e4lder in den Zauber des Indian Summers. Grund genug also wieder f\u00fcr mich, die Aktion &#8222;Her mit dem Herbst!&#8220; auszurufen. Sendet mir bis Ende des Monats Eure pers\u00f6nlichen Herbstbilder des Jahres! Ich verspreche, diese &hellip; <a href=\"https:\/\/supertino.tonyblog.de\/?p=7081135\" class=\"more-link\"><span class=\"screen-reader-text\">Her mit dem Herbst!<\/span> weiterlesen<\/a><\/p>\n","protected":false},"author":1,"featured_media":0,"comment_status":"open","ping_status":"open","sticky":false,"template":"","format":"standard","meta":{"footnotes":""},"categories":[1],"tags":[],"class_list":["post-7081135","post","type-post","status-publish","format-standard","hentry","category-uncategorized"],"_links":{"self":[{"href":"https:\/\/supertino.tonyblog.de\/index.php?rest_route=\/wp\/v2\/posts\/7081135","targetHints":{"allow":["GET"]}}],"collection":[{"href":"https:\/\/supertino.tonyblog.de\/index.php?rest_route=\/wp\/v2\/posts"}],"about":[{"href":"https:\/\/supertino.tonyblog.de\/index.php?rest_route=\/wp\/v2\/types\/post"}],"author":[{"embeddable":true,"href":"https:\/\/supertino.tonyblog.de\/index.php?rest_route=\/wp\/v2\/users\/1"}],"replies":[{"embeddable":true,"href":"https:\/\/supertino.tonyblog.de\/index.php?rest_route=%2Fwp%2Fv2%2Fcomments&post=7081135"}],"version-history":[{"count":0,"href":"https:\/\/supertino.tonyblog.de\/index.php?rest_route=\/wp\/v2\/posts\/7081135\/revisions"}],"wp:attachment":[{"href":"https:\/\/supertino.tonyblog.de\/index.php?rest_route=%2Fwp%2Fv2%2Fmedia&parent=7081135"}],"wp:term":[{"taxonomy":"category","embeddable":true,"href":"https:\/\/supertino.tonyblog.de\/index.php?rest_route=%2Fwp%2Fv2%2Fcategories&post=7081135"},{"taxonomy":"post_tag","embeddable":true,"href":"https:\/\/supertino.tonyblog.de\/index.php?rest_route=%2Fwp%2Fv2%2Ftags&post=7081135"}],"curies":[{"name":"wp","href":"https:\/\/api.w.org\/{rel}","templated":true}]}}